{"id":1079,"date":"2024-02-15T12:52:45","date_gmt":"2024-02-15T11:52:45","guid":{"rendered":"https:\/\/www.detsky-sen.sk\/?p=1079"},"modified":"2026-04-15T12:07:01","modified_gmt":"2026-04-15T10:07:01","slug":"zapis-na-sk-rok-2025-2026","status":"publish","type":"post","link":"https:\/\/www.detsky-sen.sk\/?p=1079","title":{"rendered":"Z\u00c1PIS NA \u0160K. ROK 2026\/2027"},"content":{"rendered":"\n<h2><strong>Z\u00e1pis det\u00ed do S\u00fakromnej materskej \u0161koly Detsk\u00fd sen na \u0161kolsk\u00fd rok 2026\/2027<\/strong><\/h2>\n\n\n\n<h2>                        <strong><mark style=\"background-color:rgba(0, 0, 0, 0)\" class=\"has-inline-color has-orange-color\">1.5.- 31.5.2026<\/mark><\/strong><\/h2>\n\n\n\n<p class=\"has-yellow-background-color has-background\" style=\"font-size:30px\"><strong><mark style=\"background-color:rgba(0, 0, 0, 0)\" class=\"has-inline-color has-brown-color\">V na\u0161ej materskej \u0161kole nie je <strong><mark style=\"background-color:rgba(0, 0, 0, 0)\" class=\"has-inline-color has-brown-color\">pri z\u00e1pise <\/mark><\/strong>rozhoduj\u00face trval\u00e9 bydlisko die\u0165a\u0165a !!<\/mark><\/strong> <\/p>\n\n\n\n<p class=\"has-yellow-background-color has-background\" style=\"font-size:25px\"><strong>Pre n\u00e1s je najd\u00f4le\u017eitej\u0161ie, aby sa u n\u00e1s deti c\u00edtili bezpe\u010dne, prijat\u00e9 a \u0161\u0165astn\u00e9. Z\u00e1le\u017e\u00ed n\u00e1m na rodinnej atmosf\u00e9re, vz\u00e1jomnej d\u00f4vere a spolupr\u00e1ci s rodi\u010dmi.<\/strong> <strong><mark style=\"background-color:rgba(0, 0, 0, 0)\" class=\"has-inline-color has-black-color\">Prij\u00edmame deti u\u017e od 2 &#8211; 6 rokov.<\/mark><\/strong><\/p>\n\n\n\n<h3 class=\"has-black-color has-text-color\"><strong>Na\u0161a \u0161k\u00f4lka je pre v\u00e1s otvoren\u00e1 ka\u017ed\u00fd pracovn\u00fd de\u0148<mark style=\"background-color:rgba(0, 0, 0, 0)\" class=\"has-inline-color has-red-color\"> od 7,00 a\u017e do 17,30 hod.<\/mark> Otvoren\u00ed sme aj cez jarn\u00e9, ve\u013ekono\u010dn\u00e9 a jesenn\u00e9 pr\u00e1zdniny<\/strong>\ud83d\ude0a<\/h3>\n\n\n\n<p>Ver\u00edme, \u017ee detstvo je jedine\u010dn\u00e9 obdobie pln\u00e9 objavovania, radosti a prv\u00fdch ve\u013ek\u00fdch krokov. Preto sa sna\u017e\u00edme vytv\u00e1ra\u0165 <strong>bezpe\u010dn\u00e9, l\u00e1skav\u00e9 a podnetn\u00e9 prostredie<\/strong>, kde ka\u017ed\u00e9 die\u0165a m\u00f4\u017ee rozv\u00edja\u0165 svoj talent, zvedavos\u0165 a prirodzen\u00fa chu\u0165 u\u010di\u0165 sa.<\/p>\n\n\n\n<p>Ve\u013emi si v\u00e1\u017eime rodiny, ktor\u00e9 zdie\u013eaj\u00fa na\u0161e hodnoty \u2013<br>\ud83d\udc9b <strong>l\u00e1skav\u00fd a re\u0161pektuj\u00faci pr\u00edstup k de\u0165om<\/strong><br>\ud83d\udee1 <strong>pocit bezpe\u010dia a d\u00f4very<\/strong><br>\ud83c\udf31 <strong>podporu detsk\u00e9ho rozvoja a individuality<\/strong><br>\ud83d\ude0a <strong>rados\u0165 z u\u010denia, hry a spolo\u010dn\u00fdch z\u00e1\u017eitkov<\/strong><\/p>\n\n\n\n<p>Ver\u00edme, \u017ee <strong>ke\u010f \u0161k\u00f4lka a rodina spolupracuj\u00fa ako partneri<\/strong>, vznik\u00e1 prostredie, v ktorom deti pre\u017e\u00edvaj\u00fa \u0161\u0165astn\u00e9 detstvo a vytv\u00e1raj\u00fa si kr\u00e1sne spomienky na svoje prv\u00e9 \u0161kolsk\u00e9 roky.<\/p>\n\n\n\n<p>Te\u0161\u00edme sa na v\u0161etky deti aj rodi\u010dov, ktor\u00ed chc\u00fa by\u0165 s\u00fa\u010das\u0165ou n\u00e1\u0161ho <strong>Detsk\u00e9ho sna \u2013 miesta, kde \u0161\u0165astn\u00e9 detstvo a kvalitn\u00e9 vzdelanie tvoria jeden svet.<\/strong> \u2728<\/p>\n\n\n\n<p class=\"has-red-color has-text-color\" style=\"font-size:20px\"><strong>Sp\u00f4sob podania prihl\u00e1\u0161ky<\/strong>:<\/p>\n\n\n\n<p><strong>Prihl\u00e1\u0161ku na vzdel\u00e1vanie v materskej \u0161kole m\u00f4\u017ee z\u00e1konn\u00fd z\u00e1stupca poda\u0165:<\/strong><\/p>\n\n\n\n<ul><li><strong><mark style=\"background-color:rgba(0, 0, 0, 0)\" class=\"has-inline-color has-red-color\">osobne<\/mark><\/strong> aj pred ofici\u00e1lnym z\u00e1pisom, po telefonickom dohovore term\u00ednu na tel.\u010d. 0903 693 894, alebo po\u010das ofici\u00e1lneho z\u00e1pisu od 01.05.- 31.05.2026 v \u010dase od 15,00\u201317,00 hod. v S\u00fakromnej materskej \u0161kole na F\u00e1ndlyho 21 v Senci. <\/li><li><mark style=\"background-color:rgba(0, 0, 0, 0)\" class=\"has-inline-color has-black-color\"><strong>Radi sa s vami stretneme osobne \u2013 odpovieme na va\u0161e ot\u00e1zky a uk\u00e1\u017eeme v\u00e1m priestory na\u0161ej \u0161k\u00f4lky. Z\u00e1rove\u0148 v\u00e1m pom\u00f4\u017eeme aj s administrat\u00edvou: ak prinesiete papierov\u00fa prihl\u00e1\u0161ku, v\u0161etko potrebn\u00e9 nahr\u00e1me do syst\u00e9mu za v\u00e1s, aby ste nemali starosti s e-prihl\u00e1\u0161kou<\/strong> <\/mark>\ud83d\ude0a.<\/li><li><mark style=\"background-color:rgba(0, 0, 0, 0)\" class=\"has-inline-color has-red-color\">elektronicky prostredn\u00edctvom  e-prihl\u00e1\u0161ky<\/mark>: &nbsp;<a href=\"https:\/\/eprihlasky.iedu.sk\/\">https:\/\/eprihlasky.iedu.sk<\/a>.   <strong>e-prihl\u00e1\u0161ky bud\u00fa spusten\u00e9 a\u017e 1.5.2026<\/strong>              <strong>Na\u0161u \u0161k\u00f4lku n\u00e1jdete <\/strong>2 sp\u00f4sobmi:<\/li><li><strong>1. H\u013eada\u0165 pod\u013ea mojej adresy : <mark style=\"background-color:rgba(0, 0, 0, 0)\" class=\"has-inline-color has-red-color\">F\u00e1ndlyho 2177\/21, Senec, Bratislavsk\u00fd kraj<\/mark><\/strong> , alebo <\/li><li><strong>2.H\u013eada\u0165 pod\u013ea n\u00e1zvu \u0161koly alebo jej adresy<\/strong>: zadajte  <strong><mark style=\"background-color:rgba(0, 0, 0, 0)\" class=\"has-inline-color has-red-color\">adresu iba mesto &#8211; Senec<\/mark><\/strong> a <mark style=\"background-color:rgba(0, 0, 0, 0)\" class=\"has-inline-color has-red-color\"><strong>zria\u010fovate\u013ea ozna\u010dte &#8211; s\u00fakromn\u00fd<\/strong><\/mark>. N\u00e1jde v\u00e1m na\u0161u \u0161k\u00f4lku zobrazen\u00fa hne\u010f na za\u010diatku ako <strong><mark style=\"background-color:rgba(0, 0, 0, 0)\" class=\"has-inline-color has-black-color\">S\u00fakromn\u00fa matersk\u00fa \u0161kolu F\u00e1ndlyho<\/mark><\/strong><\/li><li><strong><mark style=\"background-color:rgba(0, 0, 0, 0)\" class=\"has-inline-color has-red-color\">po\u0161tou na adresu materskej \u0161koly<\/mark><\/strong> &#8211; S\u00fakromn\u00e1 matersk\u00e1 \u0161kola, F\u00e1ndlyho 21, Senec 903 01<\/li><li><strong><mark style=\"background-color:rgba(0, 0, 0, 0)\" class=\"has-inline-color has-red-color\">prostredn\u00edctvom elektronickej schr\u00e1nky \u0161koly<\/mark><\/strong> (s autorizovan\u00fdm elektronick\u00fdm podpisom), \u010c\u00edslo schr\u00e1nky SM\u0160: E0007320278<\/li><\/ul>\n\n\n\n<h2><strong>D\u00f4le\u017eit\u00e9 inform\u00e1cie:<\/strong><\/h2>\n\n\n\n<ul><li><\/li><\/ul>\n\n\n\n<p>1.&nbsp;<strong>Pr\u00edlohou prihl\u00e1\u0161ky je potvrdenie o&nbsp;zdravotnej sp\u00f4sobilosti die\u0165a\u0165a od&nbsp;pediatra, ktor\u00e9ho s\u00fa\u010das\u0165ou je aj \u00fadaj o&nbsp;povinnom o\u010dkovan\u00ed die\u0165a\u0165a.<\/strong> <\/p>\n\n\n\n<p>&nbsp;Potvrdenie o zdravotnej sp\u00f4sobilosti nie je potvrden\u00edm o aktu\u00e1lnom zdravotnom stave die\u0165a\u0165a, ale je potvrden\u00edm o jeho zdravotnej sp\u00f4sobilosti absolvova\u0165 predprim\u00e1rne vzdel\u00e1vanie:<\/p>\n\n\n\n<p>&#8211; v \u201ebe\u017enej\u201c materskej \u0161kole,<br>&#8211; v triede pre deti so zdravotn\u00fdm znev\u00fdhodnen\u00edm \u201ebe\u017enej\u201c materskej \u0161koly alebo<br>&#8211; v materskej \u0161kole pre deti so zdravotn\u00fdm znev\u00fdhodnen\u00edm.<\/p>\n\n\n\n<p>2. <strong>Ak ide o\u00a0prijatie die\u0165a\u0165a so\u00a0zdravotn\u00fdm znev\u00fdhodnen\u00edm,<\/strong> pr\u00edlohou prihl\u00e1\u0161ky je:<\/p>\n\n\n\n<p> &#8211; potvrdenie o\u00a0zdravotnej sp\u00f4sobilosti die\u0165a\u0165a od\u00a0pediatra, ktor\u00e9ho s\u00fa\u010das\u0165ou je aj \u00fadaj o\u00a0povinnom o\u010dkovan\u00ed die\u0165a\u0165a, <\/p>\n\n\n\n<p>&#8211; spr\u00e1va z\u00a0diagnostick\u00e9ho vy\u0161etrenia zariadenia poradenstva a\u00a0prevencie a\u00a0<\/p>\n\n\n\n<p>&#8211; odpor\u00fa\u010danie pediatra.<\/p>\n\n\n\n<p>3. <strong>Ak ide<\/strong> <strong>o\u00a0prijatie die\u0165a\u0165a s\u00a0nadan\u00edm<\/strong>, pr\u00edlohou prihl\u00e1\u0161ky je:<\/p>\n\n\n\n<p> &#8211; potvrdenie o\u00a0zdravotnej sp\u00f4sobilosti, ktor\u00e9ho s\u00fa\u010das\u0165ou je aj \u00fadaj o\u00a0povinnom o\u010dkovan\u00ed die\u0165a\u0165a a\u00a0<\/p>\n\n\n\n<p>&#8211; spr\u00e1va z\u00a0diagnostick\u00e9ho vy\u0161etrenia zariadenia poradenstva a\u00a0prevencie<\/p>\n\n\n\n<p>4. <strong>Ak ide o&nbsp;die\u0165a so&nbsp;zdravotn\u00fdm znev\u00fdhodnen\u00edm, z\u00e1konn\u00fd z\u00e1stupca predlo\u017e\u00ed&nbsp; k&nbsp;\u017eiadosti: vyjadrenie zariadenia poradenstva a&nbsp;prevencie a&nbsp;odporu\u010denie v\u0161eobecn\u00e9ho lek\u00e1ra pre&nbsp;deti a&nbsp;dorast k&nbsp;prijatiu die\u0165a\u0165a so&nbsp;zdravotn\u00fdm znev\u00fdhodnen\u00edm do&nbsp;materskej \u0161koly&nbsp;<\/strong><\/p>\n\n\n\n<p>5. <strong>pod\u013ea paragrafu 28a \u0161k. z\u00e1kona je z\u00e1konn\u00fd z\u00e1stupca povinn\u00fd prihl\u00e1si\u0165 die\u0165a, ktor\u00e9 dosiahne do&nbsp;31.08.2026&nbsp;p\u00e4\u0165 rokov do&nbsp;materskej \u0161koly na&nbsp;povinn\u00e9 predprim\u00e1rne vzdel\u00e1vanie<\/strong><\/p>\n\n\n\n<div class=\"wp-block-file\"><object class=\"wp-block-file__embed\" data=\"https:\/\/www.detsky-sen.sk\/wp-content\/uploads\/2026\/03\/Prihlaska-na-vzdelavanie-v-materskej-skole.pdf\" type=\"application\/pdf\" style=\"width:100%;height:600px\" aria-label=\"Vlo\u017ei\u0165 <strong&gt;PRIHL\u00c1\u0160KA NA VZDEL\u00c1VANIE V MATERSKEJ \u0160KOLE<\/strong&gt;.\"><\/object><a id=\"wp-block-file--media-4554d187-2c6b-44ee-8ad5-1159a067b1d0\" href=\"https:\/\/www.detsky-sen.sk\/wp-content\/uploads\/2026\/03\/Prihlaska-na-vzdelavanie-v-materskej-skole.pdf\"><strong>PRIHL\u00c1\u0160KA NA VZDEL\u00c1VANIE V MATERSKEJ \u0160KOLE<\/strong><\/a><a href=\"https:\/\/www.detsky-sen.sk\/wp-content\/uploads\/2026\/03\/Prihlaska-na-vzdelavanie-v-materskej-skole.pdf\" class=\"wp-block-file__button\" download aria-describedby=\"wp-block-file--media-4554d187-2c6b-44ee-8ad5-1159a067b1d0\">Stiahnu\u0165<\/a><\/div>\n\n\n\n<p class=\"has-yellow-background-color has-background\">V pr\u00edpade, \u017ee die\u0165a <strong>prestupuje z inej M\u0160<\/strong>, z\u00e1konn\u00fd z\u00e1stupca nepod\u00e1va prihl\u00e1\u0161ku na vzdel\u00e1vanie v materskej \u0161kole, ale \u017diados\u0165 o prijatie prestupom<\/p>\n\n\n\n<div class=\"wp-block-file\"><a id=\"wp-block-file--media-f5bf4bdb-ac4c-4ad9-a0fb-9f9db67fdaa8\" href=\"https:\/\/www.detsky-sen.sk\/wp-content\/uploads\/2026\/03\/POTVRDENIE-O-ZDRAVOTNEJ-SPOSOBILOSTI-DIETATA.doc\">POTVRDENIE-O-ZDRAVOTNEJ-SPOSOBILOSTI-DIETATA<\/a><a href=\"https:\/\/www.detsky-sen.sk\/wp-content\/uploads\/2026\/03\/POTVRDENIE-O-ZDRAVOTNEJ-SPOSOBILOSTI-DIETATA.doc\" class=\"wp-block-file__button\" download aria-describedby=\"wp-block-file--media-f5bf4bdb-ac4c-4ad9-a0fb-9f9db67fdaa8\">Stiahnu\u0165<\/a><\/div>\n\n\n\n<div class=\"wp-block-file\"><a id=\"wp-block-file--media-9b947f5e-81b4-4166-82da-f004aab99d4f\" href=\"https:\/\/www.detsky-sen.sk\/wp-content\/uploads\/2026\/03\/Ziadost-o-prijatie-prestupom-podla-\u00a7-28d-skolskeho-zakona.docx\"><strong>Ziadost-o-prijatie-prestupom-z inej M\u0160<\/strong><\/a><a href=\"https:\/\/www.detsky-sen.sk\/wp-content\/uploads\/2026\/03\/Ziadost-o-prijatie-prestupom-podla-\u00a7-28d-skolskeho-zakona.docx\" class=\"wp-block-file__button\" download aria-describedby=\"wp-block-file--media-9b947f5e-81b4-4166-82da-f004aab99d4f\">Stiahnu\u0165<\/a><\/div>\n\n\n\n<p><strong>Pr\u00edlohou \u017eiadosti z\u00e1konn\u00e9ho z\u00e1stupcu o prijatie die\u0165a\u0165a prestupom je: <\/strong><\/p>\n\n\n\n<p>&#8211; potvrdenie o zdravotnej sp\u00f4sobilosti <\/p>\n\n\n\n<p>&#8211; ak sa die\u0165a\u0165u poskytuje podporn\u00e9 opatrenie, aj vyjadrenie zariadenia poradenstva a prevencie na \u00fa\u010del podporn\u00e9ho opatrenia, z ktor\u00e9ho vypl\u00fdva aktu\u00e1lnos\u0165 potreby poskytovania pr\u00edslu\u0161n\u00e9ho podporn\u00e9ho opatrenia, t. j. m\u00f4\u017ee \u00eds\u0165 aj o star\u0161\u00ed dokument).<\/p>\n\n\n\n<div class=\"wp-block-file\"><a id=\"wp-block-file--media-0903cae8-3c22-47e5-aa7a-a11efa2efeaf\" href=\"https:\/\/www.detsky-sen.sk\/wp-content\/uploads\/2026\/03\/Cestne-vyhlasenie-zakonneho-zastupcu-podla-\u00a7-144a-ods.-2-pism.-c-skolskeho-zakona.doc\"><strong>Pr\u00edloha \u010d.1<\/strong> &#8211;<strong>\u010cestn\u00e9-vyhl\u00e1senie-z\u00e1konneho-z\u00e1stupcu<\/strong><\/a><a href=\"https:\/\/www.detsky-sen.sk\/wp-content\/uploads\/2026\/03\/Cestne-vyhlasenie-zakonneho-zastupcu-podla-\u00a7-144a-ods.-2-pism.-c-skolskeho-zakona.doc\" class=\"wp-block-file__button\" download aria-describedby=\"wp-block-file--media-0903cae8-3c22-47e5-aa7a-a11efa2efeaf\">Stiahnu\u0165<\/a><\/div>\n\n\n\n<div class=\"wp-block-file\"><a id=\"wp-block-file--media-332e0f6a-01d9-49b2-8fd9-f5cc12c82503\" href=\"https:\/\/www.detsky-sen.sk\/wp-content\/uploads\/2026\/03\/Dohoda-zakonnych-zastupcov-\u00a7-144a-skolsk.-zakona-1.2026.doc\"><strong>Pr\u00edloha \u010d.2<\/strong> &#8211;<strong>Dohoda-z\u00e1konn\u00fdch-z\u00e1stupcov ak bude podpisova\u0165 p\u00edsomnosti len 1 z\u00e1stupca<\/strong><\/a><a href=\"https:\/\/www.detsky-sen.sk\/wp-content\/uploads\/2026\/03\/Dohoda-zakonnych-zastupcov-\u00a7-144a-skolsk.-zakona-1.2026.doc\" class=\"wp-block-file__button\" download aria-describedby=\"wp-block-file--media-332e0f6a-01d9-49b2-8fd9-f5cc12c82503\">Stiahnu\u0165<\/a><\/div>\n\n\n\n<p><\/p>\n\n\n\n<p>H\u013ead\u00e1te \u0161k\u00f4lku, kde bude va\u0161e die\u0165a \u0161\u0165astn\u00e9, v bezpe\u010d\u00ed a bude sa rozv\u00edja\u0165 s rados\u0165ou?<br>\ud83d\udd25 <strong>AKCIA \u2013 10 % Z\u013dAVA NA 1. MESIAC \u0160KOLN\u00c9HO V PR\u00cdPADE Z\u00c1PISU E\u0160TE NA \u0160K.ROK 2025\/2026 !<\/strong> \ud83d\udd25<br>Nev\u00e1hajte a vyu\u017eite t\u00fato skvel\u00fa ponuku. <\/p>\n\n\n\n<h2 class=\"has-text-align-left\">\ud83d\udea8 <strong>POZOR, RODI\u010cIA! Ak potrebujete pre svoje die\u0165a \u0161k\u00f4lku e\u0161te v \u0161k. roku 2025\/2026, m\u00e1me e\u0161te posledn\u00e9 3 vo\u013en\u00e9  miesta na \u0161kolsk\u00fd rok 2025\/2026!<\/strong> \ud83d\udea8<\/h2>\n\n\n\n<p>\ud83d\udd25 <strong>AKCIA \u2013 10 % Z\u013dAVA NA 1. MESIAC \u0160KOLN\u00c9HO!<\/strong> \ud83d\udd25<\/p>\n\n\n\n<hr class=\"wp-block-separator\"\/>\n\n\n\n<h2>Pre\u010do si rodi\u010dia vyberaj\u00fa pr\u00e1ve n\u00e1s?<\/h2>\n\n\n\n<p>\ud83d\udc9b <strong>Rodinn\u00e1 atmosf\u00e9ra a 32 rokov sk\u00fasenost\u00ed<\/strong><br>U n\u00e1s je ka\u017ed\u00e9 die\u0165a jedine\u010dn\u00e9. Pozn\u00e1me jeho meno, vn\u00edmame jeho potreby, re\u0161pektujeme jeho tempo a te\u0161\u00edme sa z ka\u017ed\u00e9ho \u00fasmevu. Vytv\u00e1rame prostredie, kde sa c\u00edti prijat\u00e9, milovan\u00e9 a v bezpe\u010d\u00ed \u2013 takmer ako doma.<\/p>\n\n\n\n<p>\ud83d\udc69\u200d\ud83c\udfeb <strong>L\u00e1skav\u00e9 a kvalifikovan\u00e9 u\u010dite\u013eky<\/strong><br>Pre ktor\u00e9 je pr\u00e1ca poslan\u00edm, nie povinnos\u0165ou.<\/p>\n\n\n\n<p>\ud83c\udf31 <strong>Adapta\u010dn\u00fd program \u0161it\u00fd na mieru<\/strong><br>Pre nov\u00e9 deti m\u00e1me pripraven\u00fd <strong>individu\u00e1lny adapta\u010dn\u00fd program pod\u013ea potrieb ka\u017ed\u00e9ho die\u0165a\u0165a<\/strong>. Die\u0165a si na \u0161k\u00f4lku zvyk\u00e1 postupne \u2013 citlivo, bez stresu a pod l\u00e1skav\u00fdm veden\u00edm u\u010diteliek. Budujeme d\u00f4veru, istotu a pocit bezpe\u010dia od prv\u00e9ho d\u0148a.<\/p>\n\n\n\n<p>\ud83c\udf93 <strong>Kvalitn\u00e1 pr\u00edprava pred\u0161kol\u00e1kov<\/strong><br>Individu\u00e1lny pr\u00edstup v mal\u00fdch skupink\u00e1ch a osved\u010denie o absolvovan\u00ed predprim\u00e1rneho vzdel\u00e1vania.<\/p>\n\n\n\n<p>\ud83c\uddec\ud83c\udde7 <strong>Angli\u010dtina, kr\u00fa\u017eky a v\u0161etky aktivity v cene<\/strong><br>\u017diadne skryt\u00e9 poplatky.<\/p>\n\n\n\n<p>\ud83c\udfad <strong>Bohat\u00fd program po\u010das cel\u00e9ho roka<\/strong><br>Divadl\u00e1, v\u00fdlety, plaveck\u00fd v\u00fdcvik, akcie pre deti aj rodi\u010dov.<\/p>\n\n\n\n<p>\ud83e\udd57 <strong>Zdrav\u00e9 prostredie a vyv\u00e1\u017een\u00e1 strava<\/strong><br>N\u00edzky po\u010det det\u00ed v triedach = ni\u017e\u0161ia chorobnos\u0165.<\/p>\n\n\n\n<p>\ud83d\udcb6 <strong>Mesa\u010dn\u00e9 \u0161koln\u00e9: iba 350 \u20ac<\/strong> <\/p>\n\n\n\n<hr class=\"wp-block-separator\"\/>\n\n\n\n<p>\ud83d\udccd F\u00e1ndlyho 21, Senec<br>\ud83d\udcde 0903 693 894<br>\ud83d\udce7 <a href=\"mailto:info@detsky-sen.sk\">info@detsky-sen.sk<\/a><\/p>\n\n\n\n<p>\u2728 Doprajte svojmu die\u0165a\u0165u \u0161k\u00f4lku, kde sa bude c\u00edti\u0165 milovan\u00e9, re\u0161pektovan\u00e9 a pripraven\u00e9 na \u017eivot.<\/p>\n\n\n\n<p>Zavolajte e\u0161te dnes a dohodnite si obhliadku. Te\u0161\u00edme sa na v\u00e1s! \ud83d\udc95<\/p>\n\n\n\n<!--more-->\n","protected":false},"excerpt":{"rendered":"<p>Z\u00e1pis det\u00ed do S\u00fakromnej materskej \u0161koly Detsk\u00fd sen na \u0161kolsk\u00fd rok 2026\/2027 1.5.- 31.5.2026 V na\u0161ej materskej \u0161kole nie je [&hellip;]<\/p>\n","protected":false},"author":1,"featured_media":0,"comment_status":"closed","ping_status":"closed","sticky":true,"template":"","format":"standard","meta":{"spay_email":""},"categories":[1],"tags":[],"yoast_head":"<!-- This site is optimized with the Yoast SEO plugin v19.13 - https:\/\/yoast.com\/wordpress\/plugins\/seo\/ -->\n<title>Z\u00c1PIS NA \u0160K. ROK 2026\/2027 - SM\u0160 Detsk\u00fd sen<\/title>\n<meta name=\"robots\" content=\"index, follow, max-snippet:-1, max-image-preview:large, max-video-preview:-1\" \/>\n<link rel=\"canonical\" href=\"https:\/\/www.detsky-sen.sk\/?p=1079\" \/>\n<meta property=\"og:locale\" content=\"sk_SK\" \/>\n<meta property=\"og:type\" content=\"article\" \/>\n<meta property=\"og:title\" content=\"Z\u00c1PIS NA \u0160K. ROK 2026\/2027 - SM\u0160 Detsk\u00fd sen\" \/>\n<meta property=\"og:description\" content=\"Z\u00e1pis det\u00ed do S\u00fakromnej materskej \u0161koly Detsk\u00fd sen na \u0161kolsk\u00fd rok 2026\/2027 1.5.- 31.5.2026 V na\u0161ej materskej \u0161kole nie je [&hellip;]\" \/>\n<meta property=\"og:url\" content=\"https:\/\/www.detsky-sen.sk\/?p=1079\" \/>\n<meta property=\"og:site_name\" content=\"SM\u0160 Detsk\u00fd sen\" \/>\n<meta property=\"article:published_time\" content=\"2024-02-15T11:52:45+00:00\" \/>\n<meta property=\"article:modified_time\" content=\"2026-04-15T10:07:01+00:00\" \/>\n<meta name=\"author\" content=\"Detskysen\" \/>\n<meta name=\"twitter:card\" content=\"summary_large_image\" \/>\n<meta name=\"twitter:label1\" content=\"Autor\" \/>\n\t<meta name=\"twitter:data1\" content=\"Detskysen\" \/>\n\t<meta name=\"twitter:label2\" content=\"Predpokladan\u00fd \u010das \u010d\u00edtania\" \/>\n\t<meta name=\"twitter:data2\" content=\"6 min\u00fat\" \/>\n<script type=\"application\/ld+json\" class=\"yoast-schema-graph\">{\"@context\":\"https:\/\/schema.org\",\"@graph\":[{\"@type\":\"Article\",\"@id\":\"https:\/\/www.detsky-sen.sk\/?p=1079#article\",\"isPartOf\":{\"@id\":\"https:\/\/www.detsky-sen.sk\/?p=1079\"},\"author\":{\"name\":\"Detskysen\",\"@id\":\"https:\/\/www.detsky-sen.sk\/#\/schema\/person\/8f57c67bb333d5c633ed09367e1269ea\"},\"headline\":\"Z\u00c1PIS NA \u0160K. ROK 2026\/2027\",\"datePublished\":\"2024-02-15T11:52:45+00:00\",\"dateModified\":\"2026-04-15T10:07:01+00:00\",\"mainEntityOfPage\":{\"@id\":\"https:\/\/www.detsky-sen.sk\/?p=1079\"},\"wordCount\":1272,\"publisher\":{\"@id\":\"https:\/\/www.detsky-sen.sk\/#organization\"},\"inLanguage\":\"sk-SK\"},{\"@type\":\"WebPage\",\"@id\":\"https:\/\/www.detsky-sen.sk\/?p=1079\",\"url\":\"https:\/\/www.detsky-sen.sk\/?p=1079\",\"name\":\"Z\u00c1PIS NA \u0160K. ROK 2026\/2027 - SM\u0160 Detsk\u00fd sen\",\"isPartOf\":{\"@id\":\"https:\/\/www.detsky-sen.sk\/#website\"},\"datePublished\":\"2024-02-15T11:52:45+00:00\",\"dateModified\":\"2026-04-15T10:07:01+00:00\",\"breadcrumb\":{\"@id\":\"https:\/\/www.detsky-sen.sk\/?p=1079#breadcrumb\"},\"inLanguage\":\"sk-SK\",\"potentialAction\":[{\"@type\":\"ReadAction\",\"target\":[\"https:\/\/www.detsky-sen.sk\/?p=1079\"]}]},{\"@type\":\"BreadcrumbList\",\"@id\":\"https:\/\/www.detsky-sen.sk\/?p=1079#breadcrumb\",\"itemListElement\":[{\"@type\":\"ListItem\",\"position\":1,\"name\":\"Home\",\"item\":\"https:\/\/www.detsky-sen.sk\/\"},{\"@type\":\"ListItem\",\"position\":2,\"name\":\"Z\u00c1PIS NA \u0160K. ROK 2026\/2027\"}]},{\"@type\":\"WebSite\",\"@id\":\"https:\/\/www.detsky-sen.sk\/#website\",\"url\":\"https:\/\/www.detsky-sen.sk\/\",\"name\":\"SM\u0160 Detsk\u00fd sen\",\"description\":\" &quot;\u0160\u0165astn\u00e9 deti a spokojn\u00ed rodi\u010dia&quot;\",\"publisher\":{\"@id\":\"https:\/\/www.detsky-sen.sk\/#organization\"},\"potentialAction\":[{\"@type\":\"SearchAction\",\"target\":{\"@type\":\"EntryPoint\",\"urlTemplate\":\"https:\/\/www.detsky-sen.sk\/?s={search_term_string}\"},\"query-input\":\"required name=search_term_string\"}],\"inLanguage\":\"sk-SK\"},{\"@type\":\"Organization\",\"@id\":\"https:\/\/www.detsky-sen.sk\/#organization\",\"name\":\"SM\u0160 Detsk\u00fd sen\",\"url\":\"https:\/\/www.detsky-sen.sk\/\",\"logo\":{\"@type\":\"ImageObject\",\"inLanguage\":\"sk-SK\",\"@id\":\"https:\/\/www.detsky-sen.sk\/#\/schema\/logo\/image\/\",\"url\":\"https:\/\/i0.wp.com\/www.detsky-sen.sk\/wp-content\/uploads\/2026\/02\/cropped-ChatGPT-Image-23.-2.-2026-17_12_43-1-1.png?fit=1536%2C1024&ssl=1\",\"contentUrl\":\"https:\/\/i0.wp.com\/www.detsky-sen.sk\/wp-content\/uploads\/2026\/02\/cropped-ChatGPT-Image-23.-2.-2026-17_12_43-1-1.png?fit=1536%2C1024&ssl=1\",\"width\":1536,\"height\":1024,\"caption\":\" SM\u0160 Detsk\u00fd sen\"},\"image\":{\"@id\":\"https:\/\/www.detsky-sen.sk\/#\/schema\/logo\/image\/\"}},{\"@type\":\"Person\",\"@id\":\"https:\/\/www.detsky-sen.sk\/#\/schema\/person\/8f57c67bb333d5c633ed09367e1269ea\",\"name\":\"Detskysen\",\"sameAs\":[\"https:\/\/www.detsky-sen.sk\"],\"url\":\"https:\/\/www.detsky-sen.sk\/?author=1\"}]}<\/script>\n<!-- \/ Yoast SEO plugin. -->","yoast_head_json":{"title":"Z\u00c1PIS NA \u0160K. ROK 2026\/2027 - SM\u0160 Detsk\u00fd sen","robots":{"index":"index","follow":"follow","max-snippet":"max-snippet:-1","max-image-preview":"max-image-preview:large","max-video-preview":"max-video-preview:-1"},"canonical":"https:\/\/www.detsky-sen.sk\/?p=1079","og_locale":"sk_SK","og_type":"article","og_title":"Z\u00c1PIS NA \u0160K. ROK 2026\/2027 - SM\u0160 Detsk\u00fd sen","og_description":"Z\u00e1pis det\u00ed do S\u00fakromnej materskej \u0161koly Detsk\u00fd sen na \u0161kolsk\u00fd rok 2026\/2027 1.5.- 31.5.2026 V na\u0161ej materskej \u0161kole nie je [&hellip;]","og_url":"https:\/\/www.detsky-sen.sk\/?p=1079","og_site_name":"SM\u0160 Detsk\u00fd sen","article_published_time":"2024-02-15T11:52:45+00:00","article_modified_time":"2026-04-15T10:07:01+00:00","author":"Detskysen","twitter_card":"summary_large_image","twitter_misc":{"Autor":"Detskysen","Predpokladan\u00fd \u010das \u010d\u00edtania":"6 min\u00fat"},"schema":{"@context":"https:\/\/schema.org","@graph":[{"@type":"Article","@id":"https:\/\/www.detsky-sen.sk\/?p=1079#article","isPartOf":{"@id":"https:\/\/www.detsky-sen.sk\/?p=1079"},"author":{"name":"Detskysen","@id":"https:\/\/www.detsky-sen.sk\/#\/schema\/person\/8f57c67bb333d5c633ed09367e1269ea"},"headline":"Z\u00c1PIS NA \u0160K. ROK 2026\/2027","datePublished":"2024-02-15T11:52:45+00:00","dateModified":"2026-04-15T10:07:01+00:00","mainEntityOfPage":{"@id":"https:\/\/www.detsky-sen.sk\/?p=1079"},"wordCount":1272,"publisher":{"@id":"https:\/\/www.detsky-sen.sk\/#organization"},"inLanguage":"sk-SK"},{"@type":"WebPage","@id":"https:\/\/www.detsky-sen.sk\/?p=1079","url":"https:\/\/www.detsky-sen.sk\/?p=1079","name":"Z\u00c1PIS NA \u0160K. ROK 2026\/2027 - SM\u0160 Detsk\u00fd sen","isPartOf":{"@id":"https:\/\/www.detsky-sen.sk\/#website"},"datePublished":"2024-02-15T11:52:45+00:00","dateModified":"2026-04-15T10:07:01+00:00","breadcrumb":{"@id":"https:\/\/www.detsky-sen.sk\/?p=1079#breadcrumb"},"inLanguage":"sk-SK","potentialAction":[{"@type":"ReadAction","target":["https:\/\/www.detsky-sen.sk\/?p=1079"]}]},{"@type":"BreadcrumbList","@id":"https:\/\/www.detsky-sen.sk\/?p=1079#breadcrumb","itemListElement":[{"@type":"ListItem","position":1,"name":"Home","item":"https:\/\/www.detsky-sen.sk\/"},{"@type":"ListItem","position":2,"name":"Z\u00c1PIS NA \u0160K. ROK 2026\/2027"}]},{"@type":"WebSite","@id":"https:\/\/www.detsky-sen.sk\/#website","url":"https:\/\/www.detsky-sen.sk\/","name":"SM\u0160 Detsk\u00fd sen","description":" &quot;\u0160\u0165astn\u00e9 deti a spokojn\u00ed rodi\u010dia&quot;","publisher":{"@id":"https:\/\/www.detsky-sen.sk\/#organization"},"potentialAction":[{"@type":"SearchAction","target":{"@type":"EntryPoint","urlTemplate":"https:\/\/www.detsky-sen.sk\/?s={search_term_string}"},"query-input":"required name=search_term_string"}],"inLanguage":"sk-SK"},{"@type":"Organization","@id":"https:\/\/www.detsky-sen.sk\/#organization","name":"SM\u0160 Detsk\u00fd sen","url":"https:\/\/www.detsky-sen.sk\/","logo":{"@type":"ImageObject","inLanguage":"sk-SK","@id":"https:\/\/www.detsky-sen.sk\/#\/schema\/logo\/image\/","url":"https:\/\/i0.wp.com\/www.detsky-sen.sk\/wp-content\/uploads\/2026\/02\/cropped-ChatGPT-Image-23.-2.-2026-17_12_43-1-1.png?fit=1536%2C1024&ssl=1","contentUrl":"https:\/\/i0.wp.com\/www.detsky-sen.sk\/wp-content\/uploads\/2026\/02\/cropped-ChatGPT-Image-23.-2.-2026-17_12_43-1-1.png?fit=1536%2C1024&ssl=1","width":1536,"height":1024,"caption":" SM\u0160 Detsk\u00fd sen"},"image":{"@id":"https:\/\/www.detsky-sen.sk\/#\/schema\/logo\/image\/"}},{"@type":"Person","@id":"https:\/\/www.detsky-sen.sk\/#\/schema\/person\/8f57c67bb333d5c633ed09367e1269ea","name":"Detskysen","sameAs":["https:\/\/www.detsky-sen.sk"],"url":"https:\/\/www.detsky-sen.sk\/?author=1"}]}},"jetpack_featured_media_url":"","jetpack-related-posts":[{"id":1128,"url":"https:\/\/www.detsky-sen.sk\/?p=1128","url_meta":{"origin":1079,"position":0},"title":"NOVINKA &#8211; Letn\u00e1 \u0161k\u00f4lka pre v\u0161etk\u00fdch","date":"11. j\u00fana 2024","format":false,"excerpt":"Mil\u00ed rodi\u010dia. Nem\u00e1te kam da\u0165 svoje die\u0165a po\u010das letn\u00fdch pr\u00e1zdnin? Alebo je va\u0161a \u0161k\u00f4lka v j\u00fali zatvoren\u00e1? Na\u0161a SM\u0160 je otvoren\u00e1 cel\u00fd j\u00fal a v auguste je zatvoren\u00e1. Pon\u00fakame mo\u017enos\u0165 umiestni\u0165 va\u0161e die\u0165a po\u010das mesiaca j\u00fal v na\u0161ej SM\u0160 Detsk\u00fd sen. Pre deti bud\u00fa pripraven\u00e9 letn\u00e9 z\u00e1\u017eitkov\u00e9 aktivity, kde sa\u2026","rel":"","context":"V &quot;Nezaraden\u00e9&quot;","img":{"alt_text":"","src":"","width":0,"height":0},"classes":[]},{"id":1137,"url":"https:\/\/www.detsky-sen.sk\/?p=1137","url_meta":{"origin":1079,"position":1},"title":"Cenn\u00edk","date":"29. augusta 2024","format":false,"excerpt":"\u0161koln\u00e9 na 1 mesiac pri celodennom pobyte die\u0165a\u0165a v\u00a0SM\u0160 je 350,00\u20ac\u00a0 \u0161koln\u00e9 na 1 mesiac pri celodennom pobyte v\u00a0pr\u00edpade s\u00farodencov je 300 \u20ac\/ 1 die\u0165a. \u0161koln\u00e9 za 1 mesiac pri poldennom pobyte die\u0165a\u0165a v\u00a0SM\u0160 je 300,00 \u20ac -plat\u00ed iba v\u00a0pr\u00edpade poldenn\u00e9ho pobytu po\u010das cel\u00e9ho mesiaca. \u0161koln\u00e9 pri doch\u00e1dzke 3 dni\u2026","rel":"","context":"V &quot;Nezaraden\u00e9&quot;","img":{"alt_text":"","src":"","width":0,"height":0},"classes":[]}],"_links":{"self":[{"href":"https:\/\/www.detsky-sen.sk\/index.php?rest_route=\/wp\/v2\/posts\/1079"}],"collection":[{"href":"https:\/\/www.detsky-sen.sk\/index.php?rest_route=\/wp\/v2\/posts"}],"about":[{"href":"https:\/\/www.detsky-sen.sk\/index.php?rest_route=\/wp\/v2\/types\/post"}],"author":[{"embeddable":true,"href":"https:\/\/www.detsky-sen.sk\/index.php?rest_route=\/wp\/v2\/users\/1"}],"replies":[{"embeddable":true,"href":"https:\/\/www.detsky-sen.sk\/index.php?rest_route=%2Fwp%2Fv2%2Fcomments&post=1079"}],"version-history":[{"count":6,"href":"https:\/\/www.detsky-sen.sk\/index.php?rest_route=\/wp\/v2\/posts\/1079\/revisions"}],"predecessor-version":[{"id":1342,"href":"https:\/\/www.detsky-sen.sk\/index.php?rest_route=\/wp\/v2\/posts\/1079\/revisions\/1342"}],"wp:attachment":[{"href":"https:\/\/www.detsky-sen.sk\/index.php?rest_route=%2Fwp%2Fv2%2Fmedia&parent=1079"}],"wp:term":[{"taxonomy":"category","embeddable":true,"href":"https:\/\/www.detsky-sen.sk\/index.php?rest_route=%2Fwp%2Fv2%2Fcategories&post=1079"},{"taxonomy":"post_tag","embeddable":true,"href":"https:\/\/www.detsky-sen.sk\/index.php?rest_route=%2Fwp%2Fv2%2Ftags&post=1079"}],"curies":[{"name":"wp","href":"https:\/\/api.w.org\/{rel}","templated":true}]}}